{"id":1331,"date":"2023-02-21T14:08:28","date_gmt":"2023-02-21T14:08:28","guid":{"rendered":"https:\/\/hermandaddelrociodecamas.es\/?p=1331"},"modified":"2023-02-21T14:08:28","modified_gmt":"2023-02-21T14:08:28","slug":"misa-de-hermandad","status":"publish","type":"post","link":"https:\/\/hermandaddelrociodecamas.es\/?p=1331","title":{"rendered":"MISA DE HERMANDAD"},"content":{"rendered":"\n<p>El pr\u00f3ximo s\u00e1bado 25 de febrero nuestra Hermandad celebrar\u00e1, como dictan nuestras reglas la Misa mensual en nuestra Parroquia en honor a la Sant\u00edsima Virgen del Roc\u00edo.<\/p>\n\n\n\n<p>Dar\u00e1 comienzo a las 12:30h. con el rezo del Santo Rosario posteriormente se celebrar\u00e1 la Sagrada Eucarist\u00eda.<\/p>\n\n\n\n<p>Animamos e invitamos a todos los hermanos y devotos de la Virgen del Roc\u00edo a acudir a nuestra Misa mensual.<\/p>\n\n\n\n<p>Tras la Eucarist\u00eda de celebrar\u00e1 nuestra tradicional convivencia en la Casa Hermandad.<\/p>\n\n\n\n<p><\/p>\n\n\n\n<figure class=\"wp-block-image size-large\"><img data-recalc-dims=\"1\" loading=\"lazy\" decoding=\"async\" width=\"604\" height=\"685\" src=\"https:\/\/i0.wp.com\/hermandaddelrociodecamas.es\/wp-content\/uploads\/2023\/02\/6222652f-6963-436f-9aea-3e28065ee66b.jpg?resize=604%2C685&#038;ssl=1\" class=\"wp-image-1330\" srcset=\"https:\/\/i0.wp.com\/hermandaddelrociodecamas.es\/wp-content\/uploads\/2023\/02\/6222652f-6963-436f-9aea-3e28065ee66b.jpg?resize=903%2C1024&amp;ssl=1 903w, https:\/\/i0.wp.com\/hermandaddelrociodecamas.es\/wp-content\/uploads\/2023\/02\/6222652f-6963-436f-9aea-3e28065ee66b.jpg?resize=264%2C300&amp;ssl=1 264w, https:\/\/i0.wp.com\/hermandaddelrociodecamas.es\/wp-content\/uploads\/2023\/02\/6222652f-6963-436f-9aea-3e28065ee66b.jpg?resize=768%2C871&amp;ssl=1 768w, https:\/\/i0.wp.com\/hermandaddelrociodecamas.es\/wp-content\/uploads\/2023\/02\/6222652f-6963-436f-9aea-3e28065ee66b.jpg?w=1080&amp;ssl=1 1080w\" sizes=\"auto, (max-width: 604px) 100vw, 604px\" \/><\/figure>\n","protected":false},"excerpt":{"rendered":"<p>El pr\u00f3ximo s\u00e1bado 25 de febrero nuestra Hermandad celebrar\u00e1, como dictan nuestras reglas la Misa mensual en nuestra Parroquia en honor a la Sant\u00edsima Virgen del Roc\u00edo. Dar\u00e1 comienzo a las 12:30h.<a class=\"moretag\" href=\"https:\/\/hermandaddelrociodecamas.es\/?p=1331\">Leer m\u00e1s&#8230;<\/a><\/p>\n","protected":false},"author":2,"featured_media":1330,"comment_status":"open","ping_status":"closed","sticky":false,"template":"","format":"standard","meta":{"_jetpack_memberships_contains_paid_content":false,"footnotes":"","jetpack_publicize_message":"","jetpack_publicize_feature_enabled":true,"jetpack_social_post_already_shared":true,"jetpack_social_options":{"image_generator_settings":{"template":"highway","default_image_id":0,"font":"","enabled":false},"version":2}},"categories":[3],"tags":[],"class_list":["post-1331","post","type-post","status-publish","format-standard","has-post-thumbnail","hentry","category-hermandad"],"jetpack_publicize_connections":[],"jetpack_featured_media_url":"https:\/\/i0.wp.com\/hermandaddelrociodecamas.es\/wp-content\/uploads\/2023\/02\/6222652f-6963-436f-9aea-3e28065ee66b.jpg?fit=1080%2C1225&ssl=1","jetpack_sharing_enabled":true,"_links":{"self":[{"href":"https:\/\/hermandaddelrociodecamas.es\/index.php?rest_route=\/wp\/v2\/posts\/1331","targetHints":{"allow":["GET"]}}],"collection":[{"href":"https:\/\/hermandaddelrociodecamas.es\/index.php?rest_route=\/wp\/v2\/posts"}],"about":[{"href":"https:\/\/hermandaddelrociodecamas.es\/index.php?rest_route=\/wp\/v2\/types\/post"}],"author":[{"embeddable":true,"href":"https:\/\/hermandaddelrociodecamas.es\/index.php?rest_route=\/wp\/v2\/users\/2"}],"replies":[{"embeddable":true,"href":"https:\/\/hermandaddelrociodecamas.es\/index.php?rest_route=%2Fwp%2Fv2%2Fcomments&post=1331"}],"version-history":[{"count":0,"href":"https:\/\/hermandaddelrociodecamas.es\/index.php?rest_route=\/wp\/v2\/posts\/1331\/revisions"}],"wp:featuredmedia":[{"embeddable":true,"href":"https:\/\/hermandaddelrociodecamas.es\/index.php?rest_route=\/wp\/v2\/media\/1330"}],"wp:attachment":[{"href":"https:\/\/hermandaddelrociodecamas.es\/index.php?rest_route=%2Fwp%2Fv2%2Fmedia&parent=1331"}],"wp:term":[{"taxonomy":"category","embeddable":true,"href":"https:\/\/hermandaddelrociodecamas.es\/index.php?rest_route=%2Fwp%2Fv2%2Fcategories&post=1331"},{"taxonomy":"post_tag","embeddable":true,"href":"https:\/\/hermandaddelrociodecamas.es\/index.php?rest_route=%2Fwp%2Fv2%2Ftags&post=1331"}],"curies":[{"name":"wp","href":"https:\/\/api.w.org\/{rel}","templated":true}]}}